{"id":1260,"date":"2025-07-22T20:12:52","date_gmt":"2025-07-22T20:12:52","guid":{"rendered":"https:\/\/biohazardmadrid.com\/?p=1260"},"modified":"2025-07-22T20:12:56","modified_gmt":"2025-07-22T20:12:56","slug":"cannabis-y-justicia-racial-una-mirada-critica-a-la-descriminalizacion","status":"publish","type":"post","link":"https:\/\/biohazardmadrid.com\/es\/cannabis-y-justicia-racial-una-mirada-critica-a-la-descriminalizacion\/","title":{"rendered":"Cannabis y justicia racial: una mirada cr\u00edtica a la descriminalizaci\u00f3n"},"content":{"rendered":"<p><strong>Introducci\u00f3n: cuando la ley no es igual para todos<\/strong><\/p>\n\n\n\n<p>Hablar de cannabis es hablar de <a href=\"https:\/\/www.youtube.com\/channel\/UCo5eVlf_gjzAiBcLETz0IDg\" target=\"_blank\" rel=\"noopener\">racismo<\/a>. A pesar de que el uso de esta planta se da en todos los sectores sociales, las consecuencias legales y sociales recaen de forma <a href=\"https:\/\/es.pinterest.com\/pin\/972073900841115343\/\" target=\"_blank\" rel=\"noopener\">desproporcionada<\/a> sobre comunidades racializadas. La descriminalizaci\u00f3n, aunque celebrada como avance, muchas veces no alcanza para revertir las profundas desigualdades hist\u00f3ricas que <a href=\"https:\/\/www.google.com\/maps\/place\/Bio+hazard+Weed+Social+Club\/@40.4282177,-3.7059213,17z\/data=!3m1!4b1!4m6!3m5!1s0xd4229951b22119f:0xa5afae5c02ec0a9a!8m2!3d40.4282177!4d-3.7059213!16s%2Fg%2F11wqh02q7y?entry=ttu&amp;g_ep=EgoyMDI1MDIxOS4xIKXMDSoASAFQAw%3D%3D\" target=\"_blank\" rel=\"noopener\">atraviesan<\/a> la pol\u00edtica de drogas. Este texto propone una reflexi\u00f3n cr\u00edtica sobre el v\u00ednculo entre cannabis y justicia racial en el contexto latinoamericano.<\/p>\n\n\n\n<p><strong>Criminalizaci\u00f3n selectiva: el rostro del racismo estructural<\/strong><\/p>\n\n\n\n<p>Las estad\u00edsticas no mienten: en numerosos pa\u00edses, las personas negras, ind\u00edgenas y pobres son detenidas, juzgadas y encarceladas por delitos de drogas -principalmente relacionados con el cannabis- en proporciones mucho mayores que sus pares blancos o de clases medias. No porque consuman m\u00e1s, sino porque est\u00e1n m\u00e1s expuestas al control policial, a la violencia institucional y a los prejuicios judiciales. El sistema penal no persigue sustancias, sino cuerpos.<\/p>\n\n\n\n<p><strong>Descriminalizar no basta: el racismo se reinventa<\/strong><\/p>\n\n\n\n<p>La eliminaci\u00f3n de sanciones penales por posesi\u00f3n o uso de cannabis es un paso necesario, pero insuficiente. El racismo estructural encuentra nuevas formas de operar incluso en contextos de reforma:<\/p>\n\n\n\n<ul class=\"wp-block-list\">\n<li>Mayor vigilancia en territorios racializados<br><\/li>\n\n\n\n<li>Discrecionalidad policial para detener y hostigar<br><\/li>\n\n\n\n<li>Negaci\u00f3n de licencias de cultivo o venta a personas negras e ind\u00edgenas<br><\/li>\n\n\n\n<li>Exclusi\u00f3n del mercado legal por falta de recursos o antecedentes penales<br><\/li>\n<\/ul>\n\n\n\n<p>As\u00ed, la descriminalizaci\u00f3n puede terminar beneficiando solo a quienes ya estaban protegidos por su posici\u00f3n social o racial.<\/p>\n\n\n\n<p><strong>Reparaci\u00f3n racial: una deuda pendiente<\/strong><\/p>\n\n\n\n<p>Para que exista justicia racial en la pol\u00edtica de drogas, es imprescindible avanzar en medidas de reparaci\u00f3n:<\/p>\n\n\n\n<ul class=\"wp-block-list\">\n<li>Eliminaci\u00f3n retroactiva de antecedentes penales<br><\/li>\n\n\n\n<li>Liberaci\u00f3n de personas presas por delitos menores relacionados con el cannabis<br><\/li>\n\n\n\n<li>Acceso preferente a licencias de producci\u00f3n y comercializaci\u00f3n<br><\/li>\n\n\n\n<li>Apoyo econ\u00f3mico y t\u00e9cnico a iniciativas lideradas por comunidades negras e ind\u00edgenas<br><\/li>\n\n\n\n<li>Participaci\u00f3n activa en la elaboraci\u00f3n de pol\u00edticas p\u00fablicas<br><\/li>\n<\/ul>\n\n\n\n<p>Sin reparaci\u00f3n, la descriminalizaci\u00f3n corre el riesgo de consolidar nuevas desigualdades bajo una fachada progresista.<\/p>\n\n\n\n<p><strong>El cannabis como territorio de lucha antirracista<\/strong><\/p>\n\n\n\n<p>El activismo cann\u00e1bico racializado ha transformado el debate p\u00fablico en muchos pa\u00edses. Mujeres negras cultivadoras, l\u00edderes ind\u00edgenas defensores de plantas sagradas, colectivos afrodiasp\u00f3ricos y juventudes perif\u00e9ricas han denunciado no solo la violencia de la prohibici\u00f3n, sino tambi\u00e9n el racismo dentro del propio movimiento cann\u00e1bico. Su lucha no es solo por legalizar la planta, sino por democratizar el acceso, redistribuir el poder y sanar las heridas del colonialismo.<\/p>\n\n\n\n<p><strong>Casos emblem\u00e1ticos en Am\u00e9rica Latina<\/strong><\/p>\n\n\n\n<ul class=\"wp-block-list\">\n<li><strong>Brasil<\/strong>: las personas negras representan m\u00e1s del 70% de la poblaci\u00f3n carcelaria por drogas, a pesar de consumir menos que los sectores blancos.<br><\/li>\n\n\n\n<li><strong>Colombia<\/strong>: campesinos ind\u00edgenas cultivadores de cannabis y coca han sido criminalizados, mientras grandes empresas obtienen licencias legales.<br><\/li>\n\n\n\n<li><strong>M\u00e9xico<\/strong>: pueblos originarios siguen siendo perseguidos por cultivos tradicionales mientras el mercado legal se orienta hacia inversionistas urbanos.<br><\/li>\n<\/ul>\n\n\n\n<p>Estos ejemplos revelan que sin justicia racial, no hay verdadera reforma.<\/p>\n\n\n\n<p><strong>Hacia una pol\u00edtica de drogas antirracista<\/strong><\/p>\n\n\n\n<p>Una pol\u00edtica cann\u00e1bica antirracista debe:<\/p>\n\n\n\n<ul class=\"wp-block-list\">\n<li>Reconocer el racismo como eje estructurante del prohibicionismo<br><\/li>\n\n\n\n<li>Incluir voces racializadas en todos los espacios de decisi\u00f3n<br><\/li>\n\n\n\n<li>Garantizar representaci\u00f3n y poder econ\u00f3mico en el mercado legal<br><\/li>\n\n\n\n<li>Impulsar procesos educativos que cuestionen los estigmas coloniales<br><\/li>\n\n\n\n<li>Recuperar conocimientos ancestrales sobre el uso de plantas para la sanaci\u00f3n colectiva<br><\/li>\n<\/ul>\n\n\n\n<p>Descriminalizar es solo el comienzo: el horizonte debe ser la justicia reparadora y la equidad racial.<\/p>\n\n\n\n<p><strong>Conclusi\u00f3n: descriminalizaci\u00f3n con conciencia racial<\/strong><\/p>\n\n\n\n<p>Legalizar sin reparar, incluir sin redistribuir, celebrar sin escuchar... todo eso corre el riesgo de repetir violencias con otros roupagens. Por eso, toda pol\u00edtica de drogas que quiera ser justa, \u00e9tica y transformadora debe enfrentarse al racismo de forma frontal. Porque la verdadera liberaci\u00f3n del cannabis no est\u00e1 s\u00f3lo en las leyes, sino en la dignidad de todos los cuerpos que hist\u00f3ricamente ha curado y que, parad\u00f3jicamente, fueron perseguidos por ello.<\/p>","protected":false},"excerpt":{"rendered":"<p>Introducci\u00f3n: cuando la ley no es igual para todos Hablar de cannabis es hablar de racismo. A pesar de que el uso de esta planta se da en todos los sectores sociales, las consecuencias legales y sociales recaen de forma desproporcionada sobre comunidades racializadas. La descriminalizaci\u00f3n, aunque celebrada como avance, muchas veces no alcanza para&hellip; <a class=\"more-link\" href=\"https:\/\/biohazardmadrid.com\/es\/cannabis-y-justicia-racial-una-mirada-critica-a-la-descriminalizacion\/\">Seguir leyendo <span class=\"screen-reader-text\">Cannabis y justicia racial: una mirada cr\u00edtica a la descriminalizaci\u00f3n<\/span><\/a><\/p>","protected":false},"author":2,"featured_media":1261,"comment_status":"open","ping_status":"open","sticky":false,"template":"","format":"standard","meta":{"om_disable_all_campaigns":false,"footnotes":""},"categories":[1],"tags":[],"class_list":["post-1260","post","type-post","status-publish","format-standard","has-post-thumbnail","hentry","category-blog","entry"],"_links":{"self":[{"href":"https:\/\/biohazardmadrid.com\/es\/wp-json\/wp\/v2\/posts\/1260","targetHints":{"allow":["GET"]}}],"collection":[{"href":"https:\/\/biohazardmadrid.com\/es\/wp-json\/wp\/v2\/posts"}],"about":[{"href":"https:\/\/biohazardmadrid.com\/es\/wp-json\/wp\/v2\/types\/post"}],"author":[{"embeddable":true,"href":"https:\/\/biohazardmadrid.com\/es\/wp-json\/wp\/v2\/users\/2"}],"replies":[{"embeddable":true,"href":"https:\/\/biohazardmadrid.com\/es\/wp-json\/wp\/v2\/comments?post=1260"}],"version-history":[{"count":1,"href":"https:\/\/biohazardmadrid.com\/es\/wp-json\/wp\/v2\/posts\/1260\/revisions"}],"predecessor-version":[{"id":1262,"href":"https:\/\/biohazardmadrid.com\/es\/wp-json\/wp\/v2\/posts\/1260\/revisions\/1262"}],"wp:featuredmedia":[{"embeddable":true,"href":"https:\/\/biohazardmadrid.com\/es\/wp-json\/wp\/v2\/media\/1261"}],"wp:attachment":[{"href":"https:\/\/biohazardmadrid.com\/es\/wp-json\/wp\/v2\/media?parent=1260"}],"wp:term":[{"taxonomy":"category","embeddable":true,"href":"https:\/\/biohazardmadrid.com\/es\/wp-json\/wp\/v2\/categories?post=1260"},{"taxonomy":"post_tag","embeddable":true,"href":"https:\/\/biohazardmadrid.com\/es\/wp-json\/wp\/v2\/tags?post=1260"}],"curies":[{"name":"wp","href":"https:\/\/api.w.org\/{rel}","templated":true}]}}