{"id":1260,"date":"2025-07-22T20:12:52","date_gmt":"2025-07-22T20:12:52","guid":{"rendered":"https:\/\/biohazardmadrid.com\/?p=1260"},"modified":"2025-07-22T20:12:56","modified_gmt":"2025-07-22T20:12:56","slug":"cannabis-y-justicia-racial-una-mirada-critica-a-la-descriminalizacion","status":"publish","type":"post","link":"https:\/\/biohazardmadrid.com\/it\/cannabis-y-justicia-racial-una-mirada-critica-a-la-descriminalizacion\/","title":{"rendered":"Cannabis e giustizia razziale: una mirada critica alla depenalizzazione"},"content":{"rendered":"<p><strong>Introduzione: quando la legge non \u00e8 uguale per tutti<\/strong><\/p>\n\n\n\n<p>Parlare di cannabis significa parlare di <a href=\"https:\/\/www.youtube.com\/channel\/UCo5eVlf_gjzAiBcLETz0IDg\" target=\"_blank\" rel=\"noopener\">razzismo<\/a>. Nonostante l'uso di questa pianta avvenga in tutti i settori sociali, le conseguenze legali e sociali si manifestano in forma di <a href=\"https:\/\/es.pinterest.com\/pin\/972073900841115343\/\" target=\"_blank\" rel=\"noopener\">desproporcionada<\/a> sulle comunit\u00e0 razziali. La desminalizaci\u00f3n, sebbene sia celebrata come un progresso, molto spesso non \u00e8 in grado di ripristinare le profonde desigualdades hist\u00f3ricas che <a href=\"https:\/\/www.google.com\/maps\/place\/Bio+hazard+Weed+Social+Club\/@40.4282177,-3.7059213,17z\/data=!3m1!4b1!4m6!3m5!1s0xd4229951b22119f:0xa5afae5c02ec0a9a!8m2!3d40.4282177!4d-3.7059213!16s%2Fg%2F11wqh02q7y?entry=ttu&amp;g_ep=EgoyMDI1MDIxOS4xIKXMDSoASAFQAw%3D%3D\" target=\"_blank\" rel=\"noopener\">atraviesan<\/a> la politica delle droghe. Il testo propone una riflessione critica sul legame tra cannabis e giustizia razziale nel contesto latinoamericano.<\/p>\n\n\n\n<p><strong>La criminalizzazione selettiva: il filo conduttore del razzismo estrutturale<\/strong><\/p>\n\n\n\n<p>Le statistiche non si placano: in numerosi Paesi, le persone negre, indigene e povere sono detenute, condannate e incarcerate per reati di droga - principalmente legati alla cannabis - in proporzioni molto pi\u00f9 elevate rispetto ai loro coetanei bianchi o di classe media. Non perch\u00e9 consumino di pi\u00f9, ma perch\u00e9 sono pi\u00f9 esposti al controllo politico, alla violenza istituzionale e ai pregiudizi giudiziari. Il sistema penale non si nutre di sostanze, ma di corpi.<\/p>\n\n\n\n<p><strong>Descriminare non basta: il razzismo si ripresenta<\/strong><\/p>\n\n\n\n<p>L'eliminazione delle sanzioni penali per la detenzione o l'uso di cannabis \u00e8 un passo necessario, ma insufficiente. Il razzismo strutturale trova nuove forme di funzionamento anche in contesti di riforma:<\/p>\n\n\n\n<ul class=\"wp-block-list\">\n<li>Maggiore vigilanza nei territori razziali<br><\/li>\n\n\n\n<li>Discrezionalit\u00e0 politica per trattenere e ospitare<br><\/li>\n\n\n\n<li>Negazione delle licenze di coltivazione o vendita a persone di etnia negra e indigena<br><\/li>\n\n\n\n<li>Esclusione dal mercato legale per mancanza di risorse o antecedenti penali<br><\/li>\n<\/ul>\n\n\n\n<p>In questo modo, la desminalizzazione pu\u00f2 terminare beneficiando solo i soggetti che gi\u00e0 erano protetti dalla loro posizione sociale o razziale.<\/p>\n\n\n\n<p><strong>Riparazione razziale: una deuda pendente<\/strong><\/p>\n\n\n\n<p>Affinch\u00e9 esista una giustizia razziale nella politica delle droghe, \u00e8 imprescindibile avanzare nelle misure di riparazione:<\/p>\n\n\n\n<ul class=\"wp-block-list\">\n<li>Eliminazione retroattiva dei precedenti penali<br><\/li>\n\n\n\n<li>Liberazione di persone presunte per reati minori legati alla cannabis<br><\/li>\n\n\n\n<li>Accesso preferenziale alle licenze di produzione e commercializzazione<br><\/li>\n\n\n\n<li>Sostegno economico e tecnico a iniziative promosse da comunit\u00e0 nere e indigene<br><\/li>\n\n\n\n<li>Partecipazione attiva all'elaborazione delle politiche pubbliche<br><\/li>\n<\/ul>\n\n\n\n<p>Senza dubbio, la desminalizzazione corregge il rischio di consolidare nuove desigualdades sotto una fachada progresista.<\/p>\n\n\n\n<p><strong>Cannabis come territorio di lotta antirazzista<\/strong><\/p>\n\n\n\n<p>L'attivismo cannabico razziale ha trasformato il dibattito pubblico in molti paesi. Le donne negre che coltivano, i leader indigeni che difendono le piante sagradas, i collettivi afrodiasp\u00f3rici e le giovani periferie hanno denunciato non solo la violenza della proibizione, ma anche il razzismo all'interno del proprio movimento cannabico. La loro lotta non \u00e8 solo per legalizzare la pianta, ma anche per democratizzare l'accesso, ridistribuire il potere e curare le ferite del colonialismo.<\/p>\n\n\n\n<p><strong>Casi emblematici in America Latina<\/strong><\/p>\n\n\n\n<ul class=\"wp-block-list\">\n<li><strong>Brasile<\/strong>Le persone di colore rappresentano pi\u00f9 del 70% della popolazione carceraria, nonostante consumino meno dei bianchi.<br><\/li>\n\n\n\n<li><strong>Colombia<\/strong>I contadini indigeni che coltivano cannabis e coca sono stati criminalizzati, mentre le grandi imprese hanno ottenuto licenze legali.<br><\/li>\n\n\n\n<li><strong>Messico<\/strong>I villaggi originari continuano a essere perseguitati da coltivazioni tradizionali, mentre il mercato legale si orienta verso gli inversionisti urbani.<br><\/li>\n<\/ul>\n\n\n\n<p>Estos ejemplos revelan que sin justicia racial, no hay verdadera reforma.<\/p>\n\n\n\n<p><strong>Verso una politica antirazzista delle droghe<\/strong><\/p>\n\n\n\n<p>Una politica cannabica antirazzista deve:<\/p>\n\n\n\n<ul class=\"wp-block-list\">\n<li>Riconoscere il razzismo come elemento strutturante del proibizionismo<br><\/li>\n\n\n\n<li>Inclusione delle voci razziali in tutti gli spazi decisionali<br><\/li>\n\n\n\n<li>Garantire la rappresentanza e il potere economico nel mercato legale<br><\/li>\n\n\n\n<li>Stimolare processi educativi che mettano in discussione gli estigmi coloniali.<br><\/li>\n\n\n\n<li>Recuperare i saperi ancestrali sull'uso delle piante per la salute collettiva<br><\/li>\n<\/ul>\n\n\n\n<p>Descriminare \u00e8 solo l'inizio: l'orizzonte deve essere la giustizia riparatrice e l'equit\u00e0 razziale.<\/p>\n\n\n\n<p><strong>Conclusione: descriminalizaci\u00f3n con conciencia racial<\/strong><\/p>\n\n\n\n<p>Legalizzare senza riparare, includere senza ridistribuire, celebrare senza ascoltare... tutto ci\u00f2 comporta il rischio di ripetere violenze con altri gruppi di persone. Per questo motivo, una politica delle droghe che voglia essere giusta, etica e trasformatrice deve affrontare il razzismo in modo frontale. Perch\u00e9 la vera liberazione della cannabis non sta solo nelle leggi, ma anche nella dignit\u00e0 di tutti i corpi che storicamente la curano e che, paradossalmente, sono stati perseguitati per questo.<\/p>","protected":false},"excerpt":{"rendered":"<p>Introducci\u00f3n: cuando la ley no es igual para todos Hablar de cannabis es hablar de racismo. A pesar de que el uso de esta planta se da en todos los sectores sociales, las consecuencias legales y sociales recaen de forma desproporcionada sobre comunidades racializadas. La descriminalizaci\u00f3n, aunque celebrada como avance, muchas veces no alcanza para&hellip; <a class=\"more-link\" href=\"https:\/\/biohazardmadrid.com\/it\/cannabis-y-justicia-racial-una-mirada-critica-a-la-descriminalizacion\/\">Continua a leggere <span class=\"screen-reader-text\">Cannabis e giustizia razziale: una mirada critica alla depenalizzazione<\/span><\/a><\/p>","protected":false},"author":2,"featured_media":1261,"comment_status":"open","ping_status":"open","sticky":false,"template":"","format":"standard","meta":{"om_disable_all_campaigns":false,"footnotes":""},"categories":[1],"tags":[],"class_list":["post-1260","post","type-post","status-publish","format-standard","has-post-thumbnail","hentry","category-blog","entry"],"_links":{"self":[{"href":"https:\/\/biohazardmadrid.com\/it\/wp-json\/wp\/v2\/posts\/1260","targetHints":{"allow":["GET"]}}],"collection":[{"href":"https:\/\/biohazardmadrid.com\/it\/wp-json\/wp\/v2\/posts"}],"about":[{"href":"https:\/\/biohazardmadrid.com\/it\/wp-json\/wp\/v2\/types\/post"}],"author":[{"embeddable":true,"href":"https:\/\/biohazardmadrid.com\/it\/wp-json\/wp\/v2\/users\/2"}],"replies":[{"embeddable":true,"href":"https:\/\/biohazardmadrid.com\/it\/wp-json\/wp\/v2\/comments?post=1260"}],"version-history":[{"count":1,"href":"https:\/\/biohazardmadrid.com\/it\/wp-json\/wp\/v2\/posts\/1260\/revisions"}],"predecessor-version":[{"id":1262,"href":"https:\/\/biohazardmadrid.com\/it\/wp-json\/wp\/v2\/posts\/1260\/revisions\/1262"}],"wp:featuredmedia":[{"embeddable":true,"href":"https:\/\/biohazardmadrid.com\/it\/wp-json\/wp\/v2\/media\/1261"}],"wp:attachment":[{"href":"https:\/\/biohazardmadrid.com\/it\/wp-json\/wp\/v2\/media?parent=1260"}],"wp:term":[{"taxonomy":"category","embeddable":true,"href":"https:\/\/biohazardmadrid.com\/it\/wp-json\/wp\/v2\/categories?post=1260"},{"taxonomy":"post_tag","embeddable":true,"href":"https:\/\/biohazardmadrid.com\/it\/wp-json\/wp\/v2\/tags?post=1260"}],"curies":[{"name":"wp","href":"https:\/\/api.w.org\/{rel}","templated":true}]}}